{"id":617,"date":"2011-12-09T18:52:56","date_gmt":"2011-12-09T17:52:56","guid":{"rendered":"https:\/\/viscojis.cz\/teens\/2011\/12\/09\/176\/"},"modified":"2024-11-07T13:57:15","modified_gmt":"2024-11-07T12:57:15","slug":"176","status":"publish","type":"post","link":"https:\/\/viscojis.cz\/teens\/176\/","title":{"rendered":"Zna\u010dky kvality potravin"},"content":{"rendered":"<p><span style=\"color: #003399\">O tom, s\u00a0jak\u00fdmi zna\u010dkami kvality potravin se m\u016f\u017eete setkat a jak\u00fd je jejich v\u00fdznam. Kter\u00e9 zaru\u010duj\u00ed \u010desk\u00fd p\u016fvod, kter\u00e9 originalitu receptury \u010di krajovou specialitu?<\/span><\/p>\n<p>Potraviny mohou b\u00fdt ozna\u010deny r\u016fzn\u00fdmi zna\u010dkami kvality. Tyto zna\u010dky jsou v\u00fdznamn\u00fdm vod\u00edtkem pro spot\u0159ebitele. M\u011bly by b\u00fdt tak\u00e9 z\u00e1rukou kvality a p\u016fvodu. Zde uv\u00e1d\u00edme ty nejd\u016fle\u017eit\u011bj\u0161\u00ed<i>.<\/i><\/p>\n<p>\u00a0<\/p>\n<p><strong>KLASA<\/strong><\/p>\n<p><img loading=\"lazy\" decoding=\"async\" style=\"float: right\" src=\"https:\/\/viscojis.cz\/teens-files\/stories\/bezpecnost\/klasa.jpg\" alt=\"klasa\" width=\"77\" height=\"107\" \/><\/p>\n<p>Zna\u010dka KLASA je \u010desk\u00e1 n\u00e1rodn\u00ed zna\u010dka, kter\u00e1 zaru\u010duje spot\u0159ebitel\u016fm prov\u011b\u0159enou kvalitu takto ozna\u010den\u00fdch potravin. Zna\u010dku ud\u011bluje Ministerstvo zem\u011bd\u011blstv\u00ed ji\u017e od roku 2003 a jej\u00ed ud\u011blov\u00e1n\u00ed je sou\u010d\u00e1st\u00ed projektu podpory dom\u00e1c\u00edch potravin, kter\u00e9 spl\u0148uj\u00ed p\u0159\u00edsn\u00e1 pravidla kvality.<\/p>\n<p>Zna\u010dka sm\u00ed b\u00fdt ud\u011blena a\u017e po spln\u011bn\u00ed v\u0161ech podm\u00ednek stanoven\u00fdch v \u201ePravidlech pro ud\u011blov\u00e1n\u00ed n\u00e1rodn\u00ed zna\u010dky KLASA\u201c, kter\u00e1 jsou navrhov\u00e1na a doporu\u010dov\u00e1na St\u00e1tn\u00edm zem\u011bd\u011blsk\u00fdm interven\u010dn\u00edm fondem (SZIF) a Odbornou radou a schvalov\u00e1na Ministrem zem\u011bd\u011blstv\u00ed \u010cR. Mimo jin\u00e9 mus\u00ed v\u00fdrobek minim\u00e1ln\u011b v jednom znaku vykazovat v\u00fdjime\u010dn\u00e9 kvalitativn\u00ed charakteristiky, kter\u00e9 zvy\u0161uj\u00ed jeho p\u0159idanou hodnotu a zaru\u010duj\u00ed jeho jedine\u010dnost ve vztahu k b\u011b\u017en\u00fdm v\u00fdrobk\u016fm dostupn\u00fdm na trhu.<\/p>\n<p>Zna\u010dka se ud\u011bluje na t\u0159i roky a pot\u00e9 m\u016f\u017ee b\u00fdt lh\u016fta prodlou\u017eena, anebo pokud v\u00fdrobek ji\u017e nespl\u0148uje dan\u00e9 podm\u00ednky, je zna\u010dka odebr\u00e1na. Seznam v\u0161ech v\u00fdrobk\u016f, kter\u00fdm byla zna\u010dka KLASA ud\u011blena, najdete na webov\u00fdch str\u00e1nk\u00e1ch <a href=\"http:\/\/www.eklasa.cz\/\">www.eklasa.cz<\/a>.<\/p>\n<p>\u00a0<\/p>\n<p><strong>Region\u00e1ln\u00ed potravina<\/strong><\/p>\n<p><img loading=\"lazy\" decoding=\"async\" style=\"float: right\" src=\"https:\/\/viscojis.cz\/teens-files\/stories\/bezpecnost\/regionalni%20potravina.jpg\" alt=\"regionalni potravina\" width=\"105\" height=\"102\" \/><\/p>\n<p>\u201eRegion\u00e1ln\u00ed potravina\u201c je zna\u010dka, kter\u00e1 pom\u00e1h\u00e1 prosadit na \u010desk\u00e9m trhu kvalitn\u00ed tradi\u010dn\u00ed potraviny. Je ud\u011blov\u00e1na potravin\u00e1\u0159sk\u00fdm nebo zem\u011bd\u011blsk\u00fdm v\u00fdrobk\u016fm, kter\u00e9 jsou vyrobeny v p\u0159\u00edslu\u0161n\u00e9m regionu a poch\u00e1z\u00ed zejm\u00e9na z tuzemsk\u00fdch surovin. V\u00fdrobky mus\u00ed mimo jin\u00e9 minim\u00e1ln\u011b v jednom znaku vykazovat v\u00fdjime\u010dn\u00e9 kvalitativn\u00ed charakteristiky, kter\u00e9 zvy\u0161uj\u00ed jeho p\u0159idanou hodnotu a zaru\u010duj\u00ed jeho jedine\u010dnost ve vztahu k b\u011b\u017en\u00fdm v\u00fdrobk\u016fm dostupn\u00fdm na trhu, p\u0159i\u010dem\u017e region\u00e1ln\u00ed charakter v\u00fdrobku je rovn\u011b\u017e deklarace v\u00fdjime\u010dn\u00fdch kvalitativn\u00edch znak\u016f.<\/p>\n<p>\u00a0<\/p>\n<p><strong>Zaru\u010den\u00e1 tradi\u010dn\u00ed specialita<\/strong><\/p>\n<p><img loading=\"lazy\" decoding=\"async\" style=\"float: right\" src=\"https:\/\/viscojis.cz\/teens-files\/stories\/bezpecnost\/zarucena%20tradicni.jpg\" alt=\"zarucena tradicni\" width=\"115\" height=\"113\" \/><\/p>\n<p>\u201eZaru\u010den\u00e1 tradi\u010dn\u00ed specialita\u201c je zna\u010dkou, kter\u00e1 p\u0159isp\u00edv\u00e1 k\u00a0propagaci tradi\u010dn\u00edch produkt\u016f a k udr\u017een\u00ed tradi\u010dn\u00edch metod v\u00fdroby. Toto ozna\u010den\u00ed mohou n\u00e9st produkty nebo potraviny, kter\u00e9 se na na\u0161em \u00fazem\u00ed prokazateln\u011b vyr\u00e1b\u011bj\u00ed ji\u017e nejm\u00e9n\u011b 25 let a jejich\u017e zvl\u00e1\u0161tn\u00ed povaha je uzn\u00e1v\u00e1na EU z\u00e1pisem do rejst\u0159\u00edku, kter\u00fd vede Evropsk\u00e1 komise. Zna\u010dka tak\u00e9 podporuje hospod\u00e1\u0159stv\u00ed venkova.<\/p>\n<p>O\u00a0\u201ezaru\u010den\u00fdch tradi\u010dn\u00edch specialit\u00e1ch\u201c z\u00a0jin\u00fdch zem\u00ed EU se do\u010dtete <a href=\"http:\/\/ec.europa.eu\/agriculture\/quality\/\" target=\"_blank\" rel=\"noopener noreferrer\">zde<\/a> a <a href=\"http:\/\/ec.europa.eu\/agriculture\/quality\/door\/list.html?locale=cs\" target=\"_blank\" rel=\"noopener noreferrer\">zde<\/a>.<\/p>\n<p>\u00a0<\/p>\n<p><strong>Chr\u00e1n\u011bn\u00e9 ozna\u010den\u00ed p\u016fvodu<\/strong><\/p>\n<p><strong><em><img loading=\"lazy\" decoding=\"async\" style=\"float: right\" src=\"https:\/\/viscojis.cz\/teens-files\/stories\/bezpecnost\/oznaceni%20puvodu.jpg\" alt=\"oznaceni puvodu\" width=\"110\" height=\"107\" \/><\/em><\/strong><\/p>\n<p>Jedn\u00e1 se o zna\u010dku, kter\u00e1 pr\u00e1vn\u011b zaji\u0161\u0165uje komunit\u00e1rn\u00ed ochranu ozna\u010den\u00ed zem\u011bd\u011blsk\u00fdch v\u00fdrobk\u016f a potravin na cel\u00e9m \u00fazem\u00ed Evropsk\u00e9 unie. V\u00fdrobek, kter\u00fd nese tuto zna\u010dku, mus\u00ed b\u00fdt ozna\u010den n\u00e1zvem regionu, ur\u010dit\u00e9ho m\u00edsta nebo zem\u011b, p\u0159i\u010dem\u017e kvalita nebo vlastnosti v\u00fdrobku mus\u00ed b\u00fdt dan\u00e9 p\u0159ev\u00e1\u017en\u011b nebo v\u00fdlu\u010dn\u011b zvl\u00e1\u0161tn\u00edm zem\u011bpisn\u00fdm prost\u0159ed\u00edm s jeho charakteristick\u00fdmi p\u0159\u00edrodn\u00edmi a lidsk\u00fdmi faktory a v\u0161echny t\u0159i f\u00e1ze v\u00fdroby (produkce, p\u0159\u00edprava i zpracov\u00e1n\u00ed) mus\u00ed prob\u00edhat v\u00a0t\u00e9to vymezen\u00e9 zem\u011bpisn\u00e9 oblasti.<\/p>\n<p>\u00a0<\/p>\n<p><strong>Chr\u00e1n\u011bn\u00e9 zem\u011bpisn\u00e9 ozna\u010den\u00ed<\/strong><\/p>\n<p><img loading=\"lazy\" decoding=\"async\" style=\"float: right\" src=\"https:\/\/viscojis.cz\/teens-files\/stories\/bezpecnost\/zemepisne%20oznaceni.jpg\" alt=\"zemepisne oznaceni\" width=\"110\" height=\"114\" \/>Stejn\u011b jako u p\u0159edchoz\u00ed zna\u010dky, i zde se jedn\u00e1 o zp\u016fsob pr\u00e1vn\u00ed\u00a0 ochrany ozna\u010den\u00ed zem\u011bd\u011blsk\u00fdch v\u00fdrobk\u016f a potravin na \u00fazem\u00ed Evropsk\u00e9 unie. <i>Zem\u011bpisn\u00fdm ozna\u010den\u00edm<\/i> je, podobn\u011b jako u <i>Chr\u00e1n\u011bn\u00e9ho ozna\u010den\u00ed p\u016fvodu,<\/i> n\u00e1zev regionu, ur\u010dit\u00e9ho m\u00edsta nebo zem\u011b pou\u017e\u00edvan\u00fd k ozna\u010den\u00ed zbo\u017e\u00ed odtud poch\u00e1zej\u00edc\u00edho. Toto zbo\u017e\u00ed\u00a0mus\u00ed m\u00edt ur\u010ditou kvalitu, pov\u011bst nebo jin\u00e9 vlastnosti, kter\u00e9 lze p\u0159i\u010d\u00edst jeho zem\u011bpisn\u00e9mu p\u016fvodu, a alespo\u0148 jedna f\u00e1ze v\u00fdroby mus\u00ed prob\u00edhat v\u00a0t\u00e9to vymezen\u00e9 zem\u011bpisn\u00e9 oblasti.<\/p>\n<div>\n<div>\n<p>\u00a0<\/p>\n<p><strong>Znak BIO a biopotraviny<\/strong><\/p>\n<p><strong><img loading=\"lazy\" decoding=\"async\" style=\"float: right\" src=\"https:\/\/viscojis.cz\/teens-files\/stories\/nakupovani\/bio%20znacka.gif\" alt=\"bio znacka\" width=\"150\" height=\"82\" \/>Biopotra<\/strong><strong>viny <\/strong>jsou potraviny vyroben\u00e9 zbioprodukt\u016f, co\u017e jsou suroviny rostlinn\u00e9ho nebo \u017eivo\u010di\u0161n\u00e9ho p\u016fvodu z\u00edskan\u00e9 z ekologick\u00e9ho zem\u011bd\u011blstv\u00ed. Biopotravin\u00e1m se d\u00e1v\u00e1 p\u0159edpona \u201ebio\u201c, nap\u0159. bioml\u00e9ko, bios\u00fdr, biochl\u00e9b, a dle z\u00e1kona dost\u00e1v\u00e1 ka\u017ed\u00e1 biopotravina nebo bioprodukt certifik\u00e1t &#8211; dokument dokl\u00e1daj\u00edc\u00ed, \u017ee poch\u00e1z\u00ed z ekologick\u00e9ho zem\u011bd\u011blstv\u00ed a m\u00e1 pr\u00e1vo pou\u017e\u00edvat ochrannou zn\u00e1mku BIO.<\/p>\n<\/div>\n<div>\u00a0<\/div>\n<div>\n<p>Od 1. \u010dervence 2010 vstoupil v\u00a0platnost z\u00e1kon, kter\u00fd v\u00fdrobc\u016fm ukl\u00e1d\u00e1 povinnost ozna\u010dit balen\u00e9 biopotraviny logem Evropsk\u00e9 unie pro ekologickou produkci (motiv listu s\u00a0evropsk\u00fdmi hv\u011bzdami). Stejn\u011b tak m\u00e1 v\u00fdrobce povinnost ozna\u010dit na obalu m\u00edsto, kde byly vyprodukov\u00e1ny bioprodukty, ze kter\u00fdch se biopotravina skl\u00e1d\u00e1. \u010cesk\u00e9 n\u00e1rodn\u00ed logo \u2013 zelenob\u00edl\u00e1 biozebra p\u016flkruhov\u00e9ho tvaru \u2013 se podle z\u00e1kona na\u00a0potravin\u00e1ch uv\u00e1d\u00ed i nad\u00e1le. Pro biopotraviny dovezen\u00e9 do EU ze t\u0159et\u00edch zem\u00ed je i evropsk\u00e9 logo\u00a0dobrovoln\u00e9.<\/p>\n<p><img loading=\"lazy\" decoding=\"async\" src=\"https:\/\/viscojis.cz\/teens-files\/stories\/nakupovani\/znak%20bio%20eu.jpg\" alt=\"znak bio eu\" width=\"96\" height=\"72\" \/><\/p>\n<p>Biopotraviny mus\u00ed b\u00fdt tak\u00e9 opat\u0159eny k\u00f3dem kontroln\u00ed organizace, kter\u00e1 garantuje, \u017ee v\u00fdrobek spl\u0148uje z\u00e1konn\u00e9 podm\u00ednky pro biopotraviny. V \u010cesk\u00e9 republice prov\u00e1d\u00ed kontrolu 3 kontroln\u00ed soukrom\u00e9 subjekty, z\u00a0nich\u017e m\u00e1 ka\u017ed\u00fd na biopotravin\u011b sv\u016fj k\u00f3d, d\u00edky kter\u00e9mu lze dohledat na webov\u00fdch str\u00e1nk\u00e1ch t\u011bchto organizac\u00ed, zda v\u00fdrobek skute\u010dn\u011b pro\u0161el kontrolou:<\/p>\n<ul>\n<li><a href=\"http:\/\/www.kez.cz\/\">KEZ, o.p.s.<\/a>, \u00a0k\u00f3d na obalu: CZ-BIO-001<\/li>\n<li><a href=\"http:\/\/www.abcert.cz\/\">ABCert AG<\/a>, \u00a0k\u00f3d na obalu: CZ-BIO-002<\/li>\n<li><a href=\"http:\/\/www.biokont.cz\/\">BIOKONT CZ<\/a>, k\u00f3d na obalu: CZ-BIO-003<\/li>\n<\/ul>\n<p>Od 1. 1. 2010 p\u0159ibyl ke kontrole ekologick\u00e9ho zem\u011bd\u011blstv\u00ed vedle soukrom\u00fdch kontroln\u00edch subjekt\u016f tak\u00e9 \u00dast\u0159edn\u00ed kontroln\u00ed a zku\u0161ebn\u00ed \u00fastav zem\u011bd\u011blsk\u00fd (\u00daKZ\u00daZ).<\/p>\n<div>\u00a0<\/div>\n<\/p>\n<p><em><span><strong><br \/>Pou\u017eit\u00e1 literatura<\/strong><\/span><\/em><\/p>\n<p><em><span>Michalov\u00e1, I.: <a href=\"http:\/\/www.konzument.cz\/publikace\/soubory\/pruvodce_spotrebitele\/znacky_a_informace_na_potravinach.pdf\" target=\"_blank\" rel=\"noopener noreferrer\">Zna\u010dky a informace na potravin\u00e1ch \u2013 pr\u016fvodce spot\u0159ebitele svazek \u010d.6<\/a>, vydalo Sdru\u017een\u00ed \u010desk\u00fdch spot\u0159ebitel\u016f, Praha, 2006, 1. vyd\u00e1n\u00ed , 2006.<\/span><\/em><br \/><em><span><a href=\"http:\/\/www.spotrebitele.info\/znacky\/vsechny-znacky.html\" target=\"_blank\" rel=\"noopener noreferrer\">Webov\u00e9 str\u00e1nky Sdru\u017een\u00ed obrany spot\u0159ebitel\u016f<\/a>, Datab\u00e1ze spot\u0159ebitelsk\u00fdch zna\u010dek.<\/span><\/em><br \/><em><span><a href=\"http:\/\/eagri.cz\/public\/web\/mze\/potraviny\/bezpecnost-potravin\/rasff\/\" target=\"_blank\" rel=\"noopener noreferrer\">Zaru\u010den\u00e9 tradi\u010dn\u00ed speciality<\/a>, Port\u00e1l ministerstva zem\u011bd\u011blstv\u00ed o potravin\u00e1ch eAGRI.<\/span><\/em><br \/><em><span><a href=\"http:\/\/eagri.cz\/public\/web\/regionalni-potraviny\/o-projektu\/aktuality\/system-chranenych-zemepisnych-oznaceni.html\" target=\"_blank\" rel=\"noopener noreferrer\">Syst\u00e9m chr\u00e1n\u011bn\u00fdch zem\u011bpisn\u00fdch ozna\u010den\u00ed<\/a>, port\u00e1l ministerstva zem\u011bd\u011blstv\u00ed o potravin\u00e1ch eAGRI.<\/span><\/em><\/p>\n<p>\u00a0<\/p>\n<\/div>\n<\/div>\n<script type=\"text\/javascript\"> toolTips('.classtoolTips320','DNA je zkratka pro deoxyribonukleovou kyselinu, kter\u00e1 je nositelkou genetick\u00e9 informace v\u011bt\u0161iny organism\u016f a p\u0159edur\u010duje v\u00fdvoj a vlastnosti cel\u00e9ho organismu.'); <\/script>","protected":false},"excerpt":{"rendered":"<p>O tom, s\u00a0jak\u00fdmi zna\u010dkami kvality potravin se m\u016f\u017eete setkat a jak\u00fd je jejich v\u00fdznam. Kter\u00e9 zaru\u010duj\u00ed \u010desk\u00fd p\u016fvod, kter\u00e9 originalitu receptury \u010di krajovou specialitu?<br \/>\nPotraviny mohou b\u00fdt ozna\u010deny r\u016fzn\u00fdmi zna\u010dkami kvality. Tyto zna\u010dky jsou v\u00fdznamn\u00fdm vod\u00edtkem pro spot\u0159ebitele. M\u011bly by b\u00fdt tak\u00e9 z\u00e1rukou kvality a p\u016fvodu. Zde uv\u00e1d\u00edme ty nejd\u016fle\u017eit\u011bj\u0161\u00ed.<\/p>\n","protected":false},"author":16,"featured_media":0,"comment_status":"closed","ping_status":"closed","sticky":false,"template":"","format":"standard","meta":{"_acf_changed":false,"footnotes":""},"categories":[120],"tags":[],"class_list":["post-617","post","type-post","status-publish","format-standard","hentry","category-jak-nakupovat-potraviny"],"acf":[],"_links":{"self":[{"href":"https:\/\/viscojis.cz\/teens\/wp-json\/wp\/v2\/posts\/617","targetHints":{"allow":["GET"]}}],"collection":[{"href":"https:\/\/viscojis.cz\/teens\/wp-json\/wp\/v2\/posts"}],"about":[{"href":"https:\/\/viscojis.cz\/teens\/wp-json\/wp\/v2\/types\/post"}],"author":[{"embeddable":true,"href":"https:\/\/viscojis.cz\/teens\/wp-json\/wp\/v2\/users\/16"}],"replies":[{"embeddable":true,"href":"https:\/\/viscojis.cz\/teens\/wp-json\/wp\/v2\/comments?post=617"}],"version-history":[{"count":1,"href":"https:\/\/viscojis.cz\/teens\/wp-json\/wp\/v2\/posts\/617\/revisions"}],"predecessor-version":[{"id":970,"href":"https:\/\/viscojis.cz\/teens\/wp-json\/wp\/v2\/posts\/617\/revisions\/970"}],"wp:attachment":[{"href":"https:\/\/viscojis.cz\/teens\/wp-json\/wp\/v2\/media?parent=617"}],"wp:term":[{"taxonomy":"category","embeddable":true,"href":"https:\/\/viscojis.cz\/teens\/wp-json\/wp\/v2\/categories?post=617"},{"taxonomy":"post_tag","embeddable":true,"href":"https:\/\/viscojis.cz\/teens\/wp-json\/wp\/v2\/tags?post=617"}],"curies":[{"name":"wp","href":"https:\/\/api.w.org\/{rel}","templated":true}]}}